{"id":502,"date":"2021-09-30T12:00:00","date_gmt":"2021-09-30T10:00:00","guid":{"rendered":"https:\/\/terminador.es\/?p=502"},"modified":"2026-08-31T00:05:42","modified_gmt":"2026-08-30T22:05:42","slug":"el-terminador-0047","status":"publish","type":"post","link":"https:\/\/terminador.es\/index.php\/2021\/09\/30\/el-terminador-0047\/","title":{"rendered":"El Terminador 0047 &#8211; Evento Ligado A La Extinci\u00f3n"},"content":{"rendered":"\n<p class=\"wp-block-paragraph\"><a href=\"https:\/\/demixtapes.es\/fabulas\/ElTerminador0047.mp3\" target=\"_blank\" rel=\"noreferrer noopener\">El Terminador 0047<\/a><\/p>\n\n\n\n<p class=\"wp-block-paragraph\"><strong>Evento Ligado A La Extinci\u00f3n<\/strong><\/p>\n\n\n\n<p class=\"wp-block-paragraph\">La vida en la Tierra ha experimentado periodos c\u00edclicos, donde primero se extingue una gran parte de las especies y despu\u00e9s hay un periodo de recuperaci\u00f3n y el surgimiento de un nuevo \u00e1rbol de la vida.<\/p>\n\n\n\n<p class=\"wp-block-paragraph\">Los eventos de extinci\u00f3n son per\u00edodos en la historia de la Tierra durante los cuales hay una dram\u00e1tica disminuci\u00f3n de la diversidad y la abundancia de los organismos vivos. Esto se mide por las formas de vida que se pueden observar con facilidad y no incluye a las bacterias (que constituyen una gran parte y quiz\u00e1s incluso la mayor\u00eda de la biodiversidad y la biomasa de la Tierra). Durante estos per\u00edodos, la tasa de extinci\u00f3n sobrepasa con creces el ritmo normal y lento que ocurre de manera regular cuando surgen nuevas especies.<\/p>\n\n\n\n<p class=\"wp-block-paragraph\">Las personas que estudian las extinciones son los ge\u00f3logos y los paleont\u00f3logos. Estos profesionistas examinan la historia de nuestro planeta tal como qued\u00f3 registrada en las rocas sedimentarias. Utilizan los f\u00f3siles como evidencia, sobre todo los f\u00f3siles marinos, puesto que estos son los m\u00e1s abundantes. Hasta la d\u00e9cada de 1970, los cient\u00edficos acordaron que se han producido numerosos eventos de extinci\u00f3n y hasta la d\u00e9cada de 1980 coincidieron en cu\u00e1les fueron los cinco principales.<\/p>\n\n\n\n<p class=\"wp-block-paragraph\"><strong>Extinci\u00f3n Holoceno<\/strong><\/p>\n\n\n\n<p class=\"wp-block-paragraph\">La extinci\u00f3n del Holoceno, conocida tambi\u00e9n como la Sexta extinci\u00f3n o antropocena, es el evento de extinci\u00f3n de especies en curso durante la presente \u00e9poca del Holoceno, principalmente como resultado de la actividad humana. La gran cantidad de extinciones abarca numerosas familias de plantas y animales, incluidos mam\u00edferos, aves, anfibios, reptiles y artr\u00f3podos.<\/p>\n\n\n\n<p class=\"wp-block-paragraph\">Con la degradaci\u00f3n generalizada de h\u00e1bitats altamente biodiversos como los arrecifes de coral y las selvas tropicales, as\u00ed como otras \u00e1reas, se cree que la gran mayor\u00eda de estas extinciones son indocumentadas, ya que nadie es consciente de la existencia de las especies antes de que se extingan, o nadie ha descubierto su extinci\u00f3n.<\/p>\n\n\n\n<p class=\"wp-block-paragraph\">La tasa actual de extinci\u00f3n de especies se estima entre 100 y 1,000 veces m\u00e1s alta que las tasas de fondo naturales.<\/p>\n\n\n\n<p class=\"wp-block-paragraph\">La extinci\u00f3n del Holoceno incluye la desaparici\u00f3n de grandes animales terrestres conocidos como megafauna, comenzando al final de la \u00faltima Edad de Hielo. La megafauna fuera del continente africano, que no evolucion\u00f3 junto a los humanos, demostr\u00f3 ser muy sensible a la introducci\u00f3n de nuevas depredaciones, y muchas desaparecieron poco despu\u00e9s de que los primeros humanos comenzaran a diseminarse y cazar en la Tierra (adem\u00e1s, muchas especies africanas tambi\u00e9n se extinguieron en el Holoceno).<\/p>\n\n\n\n<p class=\"wp-block-paragraph\"><strong>Radiaci\u00f3n Ionizante<\/strong><\/p>\n\n\n\n<p class=\"wp-block-paragraph\">El ser humano convive con la radiaci\u00f3n. Nuestro organismo est\u00e1 adaptado a este fen\u00f3meno natural y es capaz de soportar una cierta dosis sin que nuestra salud se vea afectada negativamente. No le ha quedado m\u00e1s remedio que hacerlo debido a que estamos expuestos a la radiaci\u00f3n de forma pr\u00e1cticamente constante tanto por causas naturales como artificiales.<\/p>\n\n\n\n<p class=\"wp-block-paragraph\">El Sol, sin el que la vida en la Tierra ser\u00eda imposible, emite radiaci\u00f3n. Tambi\u00e9n recibimos radiaci\u00f3n c\u00f3smica procedente del espacio exterior. Pero no hace falta que miremos tan lejos. Algunos de los elementos qu\u00edmicos que participan en los materiales con los que est\u00e1n construidas nuestras casas, ciertos alimentos y el agua que tomamos a diario emiten una peque\u00f1a cantidad de radiaci\u00f3n. Incluso nuestro organismo lo hace. Sin duda, es un tema apasionante en el que merece la pena que nos zambullamos.<\/p>\n\n\n\n<p class=\"wp-block-paragraph\">Todos sabemos de una forma intuitiva que la radiaci\u00f3n y la radiactividad est\u00e1n relacionadas de alguna manera, pero no son lo mismo. La radiaci\u00f3n es un fen\u00f3meno presente en la naturaleza que aglutina la emisi\u00f3n, el transporte y la transferencia de energ\u00eda tanto a trav\u00e9s del vac\u00edo como de un medio material. Lo interesante es que la energ\u00eda puede ser transportada de dos maneras diferentes: bajo la forma de ondas electromagn\u00e9ticas o como part\u00edculas.<\/p>\n\n\n\n<p class=\"wp-block-paragraph\"><strong>Archivo Sonoro<\/strong><\/p>\n\n\n\n<figure class=\"wp-block-embed is-type-rich is-provider-gestor-del-servicio wp-block-embed-gestor-del-servicio\"><div class=\"wp-block-embed__wrapper\">\n<div class=\"mmp-player mmp-player--terminador \" data-mmp-player><audio preload=\"metadata\" src=\"https:\/\/demixtapes.es\/fabulas\/ElTerminador0047.mp3\"><\/audio><button class=\"mmp-player__play\" type=\"button\" aria-label=\"Reproducir episodio\"><span aria-hidden=\"true\">\u25b6<\/span><\/button><span class=\"mmp-player__time mmp-player__elapsed\">0:00<\/span><input class=\"mmp-player__progress\" type=\"range\" min=\"0\" max=\"1000\" value=\"0\" step=\"1\" aria-label=\"Posici\u00f3n del episodio\"><span class=\"mmp-player__time mmp-player__duration\">--:--<\/span><button class=\"mmp-player__speed\" type=\"button\" aria-label=\"Velocidad de reproducci\u00f3n\">1\u00d7<\/button><\/div>\n<\/div><\/figure>\n","protected":false},"excerpt":{"rendered":"<p>El Terminador 0047 Evento Ligado A La Extinci\u00f3n La vida en la Tierra ha experimentado periodos c\u00edclicos, donde primero se extingue una gran parte de las especies y despu\u00e9s hay un periodo de recuperaci\u00f3n y el surgimiento de un nuevo \u00e1rbol de la vida. Los eventos de extinci\u00f3n son per\u00edodos en la historia de la [&hellip;]<\/p>\n","protected":false},"author":2,"featured_media":503,"comment_status":"open","ping_status":"closed","sticky":false,"template":"","format":"standard","meta":{"_jetpack_feature_clip_id":0,"_jetpack_memberships_contains_paid_content":false,"footnotes":"","_wpscppro_dont_share_socialmedia":false,"_wpscppro_custom_social_share_image":0,"_facebook_share_type":"","_twitter_share_type":"","_linkedin_share_type":"","_pinterest_share_type":"","_linkedin_share_type_page":"","_instagram_share_type":"","_medium_share_type":"","_threads_share_type":"","_google_business_share_type":"","_bluesky_share_type":"","_mastodon_share_type":"","_selected_social_profile":[],"_wpsp_enable_custom_social_template":false,"_wpsp_social_scheduling":{"enabled":false,"datetime":null,"platforms":[],"status":"template_only","dateOption":"today","timeOption":"now","customDays":"","customHours":"","customDate":"","customTime":"","schedulingType":"absolute"},"_wpsp_active_default_template":true},"categories":[12],"tags":[219,247,248,246],"class_list":["post-502","post","type-post","status-publish","format-standard","has-post-thumbnail","hentry","category-terminador","tag-ele","tag-evento-ligado-a-la-extincion","tag-extincion-holoceno","tag-radiacion-ioninzante"],"jetpack_sharing_enabled":true,"jetpack_featured_media_url":"https:\/\/terminador.es\/wp-content\/uploads\/2021\/09\/one-photo-illustration-meteor-atmosphere-Earth-Australia.jpg","_links":{"self":[{"href":"https:\/\/terminador.es\/index.php\/wp-json\/wp\/v2\/posts\/502","targetHints":{"allow":["GET"]}}],"collection":[{"href":"https:\/\/terminador.es\/index.php\/wp-json\/wp\/v2\/posts"}],"about":[{"href":"https:\/\/terminador.es\/index.php\/wp-json\/wp\/v2\/types\/post"}],"author":[{"embeddable":true,"href":"https:\/\/terminador.es\/index.php\/wp-json\/wp\/v2\/users\/2"}],"replies":[{"embeddable":true,"href":"https:\/\/terminador.es\/index.php\/wp-json\/wp\/v2\/comments?post=502"}],"version-history":[{"count":2,"href":"https:\/\/terminador.es\/index.php\/wp-json\/wp\/v2\/posts\/502\/revisions"}],"predecessor-version":[{"id":1994,"href":"https:\/\/terminador.es\/index.php\/wp-json\/wp\/v2\/posts\/502\/revisions\/1994"}],"wp:featuredmedia":[{"embeddable":true,"href":"https:\/\/terminador.es\/index.php\/wp-json\/wp\/v2\/media\/503"}],"wp:attachment":[{"href":"https:\/\/terminador.es\/index.php\/wp-json\/wp\/v2\/media?parent=502"}],"wp:term":[{"taxonomy":"category","embeddable":true,"href":"https:\/\/terminador.es\/index.php\/wp-json\/wp\/v2\/categories?post=502"},{"taxonomy":"post_tag","embeddable":true,"href":"https:\/\/terminador.es\/index.php\/wp-json\/wp\/v2\/tags?post=502"}],"curies":[{"name":"wp","href":"https:\/\/api.w.org\/{rel}","templated":true}]}}